{"id":19485,"date":"2020-09-09T09:20:35","date_gmt":"2020-09-09T07:20:35","guid":{"rendered":"https:\/\/solmu.eu\/asukkaidenespoo\/?p=19485"},"modified":"2020-09-09T09:22:50","modified_gmt":"2020-09-09T07:22:50","slug":"espoon-pohjois-ja-keskiosien-yleiskaavan-kaavaehdotuksen-asukastilaisuudet","status":"publish","type":"post","link":"https:\/\/solmu.eu\/asukkaidenespoo\/2020\/09\/espoon-pohjois-ja-keskiosien-yleiskaavan-kaavaehdotuksen-asukastilaisuudet\/","title":{"rendered":"Espoon pohjois- ja keskiosien yleiskaavan kaavaehdotuksen asukastilaisuudet"},"content":{"rendered":"<p style=\"font-weight: 400;\"><strong>Espoon pohjois- ja keskiosien yleiskaavaehdotus n\u00e4ht\u00e4vill\u00e4 7.9.\u201320.10.2020<\/strong><\/p>\n<p style=\"font-weight: 400;\">Koronapandemian vuoksi yleiskaavan asukastilaisuudet toteutetaan et\u00e4l\u00e4hetyksin\u00e4, joita voi seurata verkossa. Verkkol\u00e4hetykset tallennetaan ja julkaistaan tilaisuuden j\u00e4lkeen hankkeen verkkosivuilla.<\/p>\n<p style=\"font-weight: 400;\"><strong>P\u00e4\u00e4tilaisuus 17.9. klo 17-21<\/strong><\/p>\n<p style=\"font-weight: 400;\">Liity asukastilaisuuteen linkin kautta:<br \/>\n<a href=\"https:\/\/www.mediaserver.fi\/live\/espoo\" data-saferedirecturl=\"https:\/\/www.google.com\/url?q=https:\/\/www.mediaserver.fi\/live\/espoo&amp;source=gmail&amp;ust=1599721334462000&amp;usg=AFQjCNFCnBmwXtO26LaxKsU067-Oy_J9og\">https:\/\/www.mediaserver.fi\/live\/espoo<\/a><\/p>\n<p style=\"font-weight: 400;\">Ohjelmassa esitell\u00e4\u00e4n yleiskaava kokonaisuutena sek\u00e4 eri teemojen n\u00e4k\u00f6kulmasta sek\u00e4 k\u00e4sitell\u00e4\u00e4n Espoon keskuksen kysymyksi\u00e4.<\/p>\n<p style=\"font-weight: 400;\"><strong>Asukastilaisuus 21.9. klo 18-19.30<\/strong><\/p>\n<p style=\"font-weight: 400;\">Liity asukastilaisuuteen linkin kautta:<br \/>\n<strong><a href=\"https:\/\/teams.microsoft.com\/l\/meetup-join\/19%3ameeting_MDFlNmU1ZDEtNGEwMS00ZWM2LWJhNGMtNzlhNjg4ZWY3NGY4%40thread.v2\/0?context=%7b%22Tid%22%3a%226bb04228-cfa5-4213-9f39-172454d82584%22%2c%22Oid%22%3a%22378f3668-3872-4a3c-a56b-84e7fdbe3676%22%2c%22IsBroadcastMeeting%22%3atrue%7d\" data-saferedirecturl=\"https:\/\/www.google.com\/url?q=https:\/\/teams.microsoft.com\/l\/meetup-join\/19%253ameeting_MDFlNmU1ZDEtNGEwMS00ZWM2LWJhNGMtNzlhNjg4ZWY3NGY4%2540thread.v2\/0?context%3D%257b%2522Tid%2522%253a%25226bb04228-cfa5-4213-9f39-172454d82584%2522%252c%2522Oid%2522%253a%2522378f3668-3872-4a3c-a56b-84e7fdbe3676%2522%252c%2522IsBroadcastMeeting%2522%253atrue%257d&amp;source=gmail&amp;ust=1599721334462000&amp;usg=AFQjCNEa4uLoVSstaLca1aeiqfSNgVssNw\">Osallistu et\u00e4tilaisuuteen<\/a><\/strong><\/p>\n<p style=\"font-weight: 400;\">Tilaisuudessa k\u00e4sitell\u00e4\u00e4n asukkaiden kysymyksi\u00e4 ja kommentteja Kalaj\u00e4rven, Viiskorven ja Pohjois-Espoon alueella. Voit avata l\u00e4hetyksen 15 minuuttia ennen ohjelman alkua.<\/p>\n<p style=\"font-weight: 400;\"><strong>Asukastilaisuus 24.9. klo 18-19.30<\/strong><\/p>\n<p style=\"font-weight: 400;\">Liity asukastilaisuuteen linkin kautta:<br \/>\n<strong><a href=\"https:\/\/teams.microsoft.com\/l\/meetup-join\/19%3ameeting_MDY5ZjYyYTMtOTMzNC00NWY0LTkyNmEtZTJlNzVkOGUzODNh%40thread.v2\/0?context=%7b%22Tid%22%3a%226bb04228-cfa5-4213-9f39-172454d82584%22%2c%22Oid%22%3a%22378f3668-3872-4a3c-a56b-84e7fdbe3676%22%2c%22IsBroadcastMeeting%22%3atrue%7d\" data-saferedirecturl=\"https:\/\/www.google.com\/url?q=https:\/\/teams.microsoft.com\/l\/meetup-join\/19%253ameeting_MDY5ZjYyYTMtOTMzNC00NWY0LTkyNmEtZTJlNzVkOGUzODNh%2540thread.v2\/0?context%3D%257b%2522Tid%2522%253a%25226bb04228-cfa5-4213-9f39-172454d82584%2522%252c%2522Oid%2522%253a%2522378f3668-3872-4a3c-a56b-84e7fdbe3676%2522%252c%2522IsBroadcastMeeting%2522%253atrue%257d&amp;source=gmail&amp;ust=1599721334462000&amp;usg=AFQjCNE_8bjyJ-mi0sqvBeH-JKDVFdFfRw\">Osallistu et\u00e4tilaisuuteen<\/a><\/strong><\/p>\n<p style=\"font-weight: 400;\">Tilaisuudessa k\u00e4sitell\u00e4\u00e4n asukkaiden kysymyksi\u00e4 ja kommentteja Nupurin, Histan, Myntinm\u00e4en ja Vanhan Espoon alueella. Voit avata l\u00e4hetyksen 15 minuuttia ennen ohjelman alkua.<\/p>\n<p style=\"font-weight: 400;\">Tervetuloa!<\/p>\n<p style=\"font-weight: 400;\">Kaavan materiaalit ja selvitykset l\u00f6ytyv\u00e4t kaavan verkkosivuilta\u00a0<a href=\"http:\/\/www.espoo.fi\/yleiskaavapoke\" data-saferedirecturl=\"https:\/\/www.google.com\/url?q=http:\/\/www.espoo.fi\/yleiskaavapoke&amp;source=gmail&amp;ust=1599721334462000&amp;usg=AFQjCNFpbMqRE0Da7wwIvLTaLNDPMKPILA\">www.espoo.fi\/yleiskaavapoke<\/a><\/p>\n","protected":false},"excerpt":{"rendered":"<p>Espoon pohjois- ja keskiosien yleiskaavaehdotus n\u00e4ht\u00e4vill\u00e4 7.9.\u201320.10.2020 Koronapandemian vuoksi yleiskaavan asukastilaisuudet toteutetaan et\u00e4l\u00e4hetyksin\u00e4, joita voi seurata verkossa. Verkkol\u00e4hetykset tallennetaan ja julkaistaan tilaisuuden j\u00e4lkeen hankkeen verkkosivuilla. P\u00e4\u00e4tilaisuus 17.9. klo 17-21 Liity asukastilaisuuteen linkin kautta: https:\/\/www.mediaserver.fi\/live\/espoo Ohjelmassa esitell\u00e4\u00e4n yleiskaava kokonaisuutena sek\u00e4 <span class=\"excerpt-dots\">&hellip;<\/span> <a class=\"more-link\" href=\"https:\/\/solmu.eu\/asukkaidenespoo\/2020\/09\/espoon-pohjois-ja-keskiosien-yleiskaavan-kaavaehdotuksen-asukastilaisuudet\/\"><span class=\"more-msg\">Jatka lukemista &rarr;<\/span><\/a><\/p>\n","protected":false},"author":1,"featured_media":0,"comment_status":"closed","ping_status":"closed","sticky":false,"template":"","format":"standard","meta":{"_uag_custom_page_level_css":"","_monsterinsights_skip_tracking":false,"_monsterinsights_sitenote_active":false,"_monsterinsights_sitenote_note":"","_monsterinsights_sitenote_category":0,"footnotes":""},"categories":[1],"tags":[],"class_list":["post-19485","post","type-post","status-publish","format-standard","hentry","category-kaikki"],"featured_image_src":null,"author_info":{"display_name":"Esko Uotila","author_link":"https:\/\/solmu.eu\/asukkaidenespoo\/author\/admin\/"},"uagb_featured_image_src":{"full":false,"thumbnail":false,"medium":false,"medium_large":false,"large":false,"1536x1536":false,"2048x2048":false},"uagb_author_info":{"display_name":"Esko Uotila","author_link":"https:\/\/solmu.eu\/asukkaidenespoo\/author\/admin\/"},"uagb_comment_info":0,"uagb_excerpt":"Espoon pohjois- ja keskiosien yleiskaavaehdotus n\u00e4ht\u00e4vill\u00e4 7.9.\u201320.10.2020 Koronapandemian vuoksi yleiskaavan asukastilaisuudet toteutetaan et\u00e4l\u00e4hetyksin\u00e4, joita voi seurata verkossa. Verkkol\u00e4hetykset tallennetaan ja julkaistaan tilaisuuden j\u00e4lkeen hankkeen verkkosivuilla. P\u00e4\u00e4tilaisuus 17.9. klo 17-21 Liity asukastilaisuuteen linkin kautta: https:\/\/www.mediaserver.fi\/live\/espoo Ohjelmassa esitell\u00e4\u00e4n yleiskaava kokonaisuutena sek\u00e4 &hellip; Jatka lukemista &rarr;","_links":{"self":[{"href":"https:\/\/solmu.eu\/asukkaidenespoo\/wp-json\/wp\/v2\/posts\/19485","targetHints":{"allow":["GET"]}}],"collection":[{"href":"https:\/\/solmu.eu\/asukkaidenespoo\/wp-json\/wp\/v2\/posts"}],"about":[{"href":"https:\/\/solmu.eu\/asukkaidenespoo\/wp-json\/wp\/v2\/types\/post"}],"author":[{"embeddable":true,"href":"https:\/\/solmu.eu\/asukkaidenespoo\/wp-json\/wp\/v2\/users\/1"}],"replies":[{"embeddable":true,"href":"https:\/\/solmu.eu\/asukkaidenespoo\/wp-json\/wp\/v2\/comments?post=19485"}],"version-history":[{"count":3,"href":"https:\/\/solmu.eu\/asukkaidenespoo\/wp-json\/wp\/v2\/posts\/19485\/revisions"}],"predecessor-version":[{"id":19488,"href":"https:\/\/solmu.eu\/asukkaidenespoo\/wp-json\/wp\/v2\/posts\/19485\/revisions\/19488"}],"wp:attachment":[{"href":"https:\/\/solmu.eu\/asukkaidenespoo\/wp-json\/wp\/v2\/media?parent=19485"}],"wp:term":[{"taxonomy":"category","embeddable":true,"href":"https:\/\/solmu.eu\/asukkaidenespoo\/wp-json\/wp\/v2\/categories?post=19485"},{"taxonomy":"post_tag","embeddable":true,"href":"https:\/\/solmu.eu\/asukkaidenespoo\/wp-json\/wp\/v2\/tags?post=19485"}],"curies":[{"name":"wp","href":"https:\/\/api.w.org\/{rel}","templated":true}]}}