{"id":347,"date":"2017-12-18T08:46:42","date_gmt":"2017-12-18T08:46:42","guid":{"rendered":"http:\/\/solmu.eu\/asukasvaikuttaa\/2017\/12\/espoo-fi-asukastilaisuus-leppavaaran-keskuksen-kehittamisesta\/"},"modified":"2017-12-18T09:26:47","modified_gmt":"2017-12-18T09:26:47","slug":"espoo-fi-asukastilaisuus-leppavaaran-keskuksen-kehittamisesta","status":"publish","type":"post","link":"https:\/\/solmu.eu\/asukkaidenespoo\/2017\/12\/espoo-fi-asukastilaisuus-leppavaaran-keskuksen-kehittamisesta\/","title":{"rendered":"espoo.fi > Asukastilaisuus Lepp\u00e4vaaran keskuksen kehitt\u00e4misest\u00e4"},"content":{"rendered":"<p>\u200bKaava-alueita: Lepp\u00e4vaaran keskus pohjoinen 1\/ydinkeskus (110617) ja Lepp\u00e4vaaran liikekeskus 1 (111402) kehitet\u00e4\u00e4n yhten\u00e4isin\u00e4 alueina asemakaavamuutoksessa. Asukastilaisuudessa k\u00e4sitell\u00e4\u00e4n kaava-alueiden l\u00e4ht\u00f6kohtia ja tavoitteita asemakaavamuutoksen pohjaksi.<\/p>\n<p>Kutsu: asukastilaisuuteen Lepp\u00e4vaaran kirjastoon (Lepp\u00e4vaarankatu 9, kirjaston aula) tiistaina 19.12.2017 klo 17-19.<\/p>\n<p>Tervetuloa kehitt\u00e4m\u00e4\u00e4n Lepp\u00e4vaaraa!<\/p>\n<p>Lis\u00e4\u00e4 tietoa\u00a0<a href=\"http:\/\/www.espoo.fi\/fi-FI\/Asuminen_ja_ymparisto\/Kaavoitus\/Asemakaava\/Asemakaavoituskohteet\/Leppavaara\/Leppavaaran_keskus_pohjoinen_I_110617\">Lepp\u00e4vaaran keskus, pohjoinen I, 110617<\/a>\u00a0ja<a href=\"http:\/\/www.espoo.fi\/fi-FI\/Asuminen_ja_ymparisto\/Kaavoitus\/Asemakaava\/Asemakaavoituskohteet\/Leppavaara\/Leppavaaran_liikekeskus_I_111402\">\u00a0Lepp\u00e4vaaran liikekeskus I 111402<\/a><\/p>\n<p><a href=\"http:\/\/www.espoo.fi\/fi-FI\/Asuminen_ja_ymparisto\/Kaavoitus\/Asemakaava\/Asemakaavoituskohteet\/Leppavaara\/Leppavaaran_keskus_pohjoinen_I_110617\/Asukastilaisuus_Leppavaaran_keskuksen_ke(130768)\">http:\/\/www.espoo.fi\/fi-FI\/Asuminen_ja_ymparisto\/Kaavoitus\/Asemakaava\/Asemakaavoituskohteet\/Leppavaara\/Leppavaaran_keskus_pohjoinen_I_110617\/Asukastilaisuus_Leppavaaran_keskuksen_ke(130768)<\/a><\/p>\n","protected":false},"excerpt":{"rendered":"<p>\u200bKaava-alueita: Lepp\u00e4vaaran keskus pohjoinen 1\/ydinkeskus (110617) ja Lepp\u00e4vaaran liikekeskus 1 (111402) kehitet\u00e4\u00e4n yhten\u00e4isin\u00e4 alueina asemakaavamuutoksessa. Asukastilaisuudessa k\u00e4sitell\u00e4\u00e4n kaava-alueiden l\u00e4ht\u00f6kohtia ja tavoitteita asemakaavamuutoksen pohjaksi. Kutsu: asukastilaisuuteen Lepp\u00e4vaaran kirjastoon (Lepp\u00e4vaarankatu 9, kirjaston aula) tiistaina 19.12.2017 klo 17-19. Tervetuloa kehitt\u00e4m\u00e4\u00e4n Lepp\u00e4vaaraa! Lis\u00e4\u00e4 <span class=\"excerpt-dots\">&hellip;<\/span> <a class=\"more-link\" href=\"https:\/\/solmu.eu\/asukkaidenespoo\/2017\/12\/espoo-fi-asukastilaisuus-leppavaaran-keskuksen-kehittamisesta\/\"><span class=\"more-msg\">Jatka lukemista &rarr;<\/span><\/a><\/p>\n","protected":false},"author":1,"featured_media":0,"comment_status":"closed","ping_status":"closed","sticky":false,"template":"","format":"standard","meta":{"_uag_custom_page_level_css":"","_monsterinsights_skip_tracking":false,"_monsterinsights_sitenote_active":false,"_monsterinsights_sitenote_note":"","_monsterinsights_sitenote_category":0,"footnotes":""},"categories":[4],"tags":[],"class_list":["post-347","post","type-post","status-publish","format-standard","hentry","category-espoo"],"featured_image_src":null,"author_info":{"display_name":"Esko Uotila","author_link":"https:\/\/solmu.eu\/asukkaidenespoo\/author\/admin\/"},"uagb_featured_image_src":{"full":false,"thumbnail":false,"medium":false,"medium_large":false,"large":false,"1536x1536":false,"2048x2048":false},"uagb_author_info":{"display_name":"Esko Uotila","author_link":"https:\/\/solmu.eu\/asukkaidenespoo\/author\/admin\/"},"uagb_comment_info":0,"uagb_excerpt":"\u200bKaava-alueita: Lepp\u00e4vaaran keskus pohjoinen 1\/ydinkeskus (110617) ja Lepp\u00e4vaaran liikekeskus 1 (111402) kehitet\u00e4\u00e4n yhten\u00e4isin\u00e4 alueina asemakaavamuutoksessa. Asukastilaisuudessa k\u00e4sitell\u00e4\u00e4n kaava-alueiden l\u00e4ht\u00f6kohtia ja tavoitteita asemakaavamuutoksen pohjaksi. Kutsu: asukastilaisuuteen Lepp\u00e4vaaran kirjastoon (Lepp\u00e4vaarankatu 9, kirjaston aula) tiistaina 19.12.2017 klo 17-19. Tervetuloa kehitt\u00e4m\u00e4\u00e4n Lepp\u00e4vaaraa! Lis\u00e4\u00e4 &hellip; Jatka lukemista &rarr;","_links":{"self":[{"href":"https:\/\/solmu.eu\/asukkaidenespoo\/wp-json\/wp\/v2\/posts\/347","targetHints":{"allow":["GET"]}}],"collection":[{"href":"https:\/\/solmu.eu\/asukkaidenespoo\/wp-json\/wp\/v2\/posts"}],"about":[{"href":"https:\/\/solmu.eu\/asukkaidenespoo\/wp-json\/wp\/v2\/types\/post"}],"author":[{"embeddable":true,"href":"https:\/\/solmu.eu\/asukkaidenespoo\/wp-json\/wp\/v2\/users\/1"}],"replies":[{"embeddable":true,"href":"https:\/\/solmu.eu\/asukkaidenespoo\/wp-json\/wp\/v2\/comments?post=347"}],"version-history":[{"count":2,"href":"https:\/\/solmu.eu\/asukkaidenespoo\/wp-json\/wp\/v2\/posts\/347\/revisions"}],"predecessor-version":[{"id":356,"href":"https:\/\/solmu.eu\/asukkaidenespoo\/wp-json\/wp\/v2\/posts\/347\/revisions\/356"}],"wp:attachment":[{"href":"https:\/\/solmu.eu\/asukkaidenespoo\/wp-json\/wp\/v2\/media?parent=347"}],"wp:term":[{"taxonomy":"category","embeddable":true,"href":"https:\/\/solmu.eu\/asukkaidenespoo\/wp-json\/wp\/v2\/categories?post=347"},{"taxonomy":"post_tag","embeddable":true,"href":"https:\/\/solmu.eu\/asukkaidenespoo\/wp-json\/wp\/v2\/tags?post=347"}],"curies":[{"name":"wp","href":"https:\/\/api.w.org\/{rel}","templated":true}]}}