{"id":805,"date":"2018-12-13T06:31:04","date_gmt":"2018-12-13T06:31:04","guid":{"rendered":"https:\/\/solmu.eu\/asukkaidenespoo\/?p=805"},"modified":"2018-12-13T06:35:04","modified_gmt":"2018-12-13T06:35:04","slug":"palstaviljelyn-kehittamistyopaja","status":"publish","type":"post","link":"https:\/\/solmu.eu\/asukkaidenespoo\/2018\/12\/palstaviljelyn-kehittamistyopaja\/","title":{"rendered":"Palstaviljelyn kehitt\u00e4misty\u00f6paja"},"content":{"rendered":"\n<p>Maanantaina 10.12.2018 kokoontui palstaviljelij\u00f6iden ja kaupungin yhteinen kehitt\u00e4misty\u00f6paja. T\u00e4ss\u00e4 Reetta Puskalta saatu tiivis raportti tilaisuudesta: <\/p>\n\n\n\n<div style=\"margin-left:20px;\"><p>&#8221;Paikalla oli 15-16 viljelij\u00e4\u00e4, joka alueelta v\u00e4hint\u00e4\u00e4n yksi. Kaikki osallistuivat tosi aktiivisesti. Ramboll oli konsulttina, jonka johdolla ideoitiin ja t\u00e4ytettiin keltaisia post-it-lappuja aiheista: Millainen on ihannepalstaviljely? \/ Mit\u00e4 kaupunki tekisi hybridimallissa? \/ Mit\u00e4 viljelij\u00e4t tekisiv\u00e4t hybridimallissa? \/ Mitk\u00e4 ovat seuraavat stepit viljelij\u00f6iden ja kaupungin yhteisess\u00e4 kehitt\u00e4misty\u00f6ss\u00e4?\/ Ramboll vet\u00e4\u00e4 yhteen kirjaukset lapuilta ja ty\u00f6st\u00e4\u00e4 niist\u00e4 raportin. Tammikuussa sama v\u00e4ki jatkaa suunnitteluty\u00f6t\u00e4.&#8221;&nbsp;<\/p><\/div>\n","protected":false},"excerpt":{"rendered":"<p>Maanantaina 10.12.2018 kokoontui palstaviljelij\u00f6iden ja kaupungin yhteinen kehitt\u00e4misty\u00f6paja. T\u00e4ss\u00e4 Reetta Puskalta saatu tiivis raportti tilaisuudesta: &#8221;Paikalla oli 15-16 viljelij\u00e4\u00e4, joka alueelta v\u00e4hint\u00e4\u00e4n yksi. Kaikki osallistuivat tosi aktiivisesti. Ramboll oli konsulttina, jonka johdolla ideoitiin ja t\u00e4ytettiin keltaisia post-it-lappuja aiheista: Millainen <span class=\"excerpt-dots\">&hellip;<\/span> <a class=\"more-link\" href=\"https:\/\/solmu.eu\/asukkaidenespoo\/2018\/12\/palstaviljelyn-kehittamistyopaja\/\"><span class=\"more-msg\">Jatka lukemista &rarr;<\/span><\/a><\/p>\n","protected":false},"author":3,"featured_media":0,"comment_status":"closed","ping_status":"closed","sticky":false,"template":"","format":"standard","meta":{"_uag_custom_page_level_css":"","_monsterinsights_skip_tracking":false,"_monsterinsights_sitenote_active":false,"_monsterinsights_sitenote_note":"","_monsterinsights_sitenote_category":0,"footnotes":""},"categories":[4,1],"tags":[],"class_list":["post-805","post","type-post","status-publish","format-standard","hentry","category-espoo","category-kaikki"],"featured_image_src":null,"author_info":{"display_name":"Asukkaiden Espoo","author_link":"https:\/\/solmu.eu\/asukkaidenespoo\/author\/asukkaiden-espoo\/"},"uagb_featured_image_src":{"full":false,"thumbnail":false,"medium":false,"medium_large":false,"large":false,"1536x1536":false,"2048x2048":false},"uagb_author_info":{"display_name":"Asukkaiden Espoo","author_link":"https:\/\/solmu.eu\/asukkaidenespoo\/author\/asukkaiden-espoo\/"},"uagb_comment_info":0,"uagb_excerpt":"Maanantaina 10.12.2018 kokoontui palstaviljelij\u00f6iden ja kaupungin yhteinen kehitt\u00e4misty\u00f6paja. T\u00e4ss\u00e4 Reetta Puskalta saatu tiivis raportti tilaisuudesta: &#8221;Paikalla oli 15-16 viljelij\u00e4\u00e4, joka alueelta v\u00e4hint\u00e4\u00e4n yksi. Kaikki osallistuivat tosi aktiivisesti. Ramboll oli konsulttina, jonka johdolla ideoitiin ja t\u00e4ytettiin keltaisia post-it-lappuja aiheista: Millainen &hellip; Jatka lukemista &rarr;","_links":{"self":[{"href":"https:\/\/solmu.eu\/asukkaidenespoo\/wp-json\/wp\/v2\/posts\/805","targetHints":{"allow":["GET"]}}],"collection":[{"href":"https:\/\/solmu.eu\/asukkaidenespoo\/wp-json\/wp\/v2\/posts"}],"about":[{"href":"https:\/\/solmu.eu\/asukkaidenespoo\/wp-json\/wp\/v2\/types\/post"}],"author":[{"embeddable":true,"href":"https:\/\/solmu.eu\/asukkaidenespoo\/wp-json\/wp\/v2\/users\/3"}],"replies":[{"embeddable":true,"href":"https:\/\/solmu.eu\/asukkaidenespoo\/wp-json\/wp\/v2\/comments?post=805"}],"version-history":[{"count":2,"href":"https:\/\/solmu.eu\/asukkaidenespoo\/wp-json\/wp\/v2\/posts\/805\/revisions"}],"predecessor-version":[{"id":807,"href":"https:\/\/solmu.eu\/asukkaidenespoo\/wp-json\/wp\/v2\/posts\/805\/revisions\/807"}],"wp:attachment":[{"href":"https:\/\/solmu.eu\/asukkaidenespoo\/wp-json\/wp\/v2\/media?parent=805"}],"wp:term":[{"taxonomy":"category","embeddable":true,"href":"https:\/\/solmu.eu\/asukkaidenespoo\/wp-json\/wp\/v2\/categories?post=805"},{"taxonomy":"post_tag","embeddable":true,"href":"https:\/\/solmu.eu\/asukkaidenespoo\/wp-json\/wp\/v2\/tags?post=805"}],"curies":[{"name":"wp","href":"https:\/\/api.w.org\/{rel}","templated":true}]}}