{"id":815,"date":"2019-01-20T17:11:58","date_gmt":"2019-01-20T17:11:58","guid":{"rendered":"https:\/\/solmu.eu\/asukkaidenespoo\/?p=815"},"modified":"2019-01-20T17:12:49","modified_gmt":"2019-01-20T17:12:49","slug":"asukkaiden-espoo-kokous-16-1-2019","status":"publish","type":"post","link":"https:\/\/solmu.eu\/asukkaidenespoo\/2019\/01\/asukkaiden-espoo-kokous-16-1-2019\/","title":{"rendered":"Asukkaiden Espoo -kokous 16.1.2019"},"content":{"rendered":"\n<img loading=\"lazy\" decoding=\"async\" width=\"220\" height=\"220\" style=\"float:right;margin: 0 0 10px 10px;\" src=\"https:\/\/solmu.eu\/asukkaidenespoo\/wp-content\/uploads\/2019\/01\/Espoo-tarina-logo-220px.jpg\" alt=\"\" class=\"wp-image-817\" srcset=\"https:\/\/solmu.eu\/asukkaidenespoo\/wp-content\/uploads\/2019\/01\/Espoo-tarina-logo-220px.jpg 220w, https:\/\/solmu.eu\/asukkaidenespoo\/wp-content\/uploads\/2019\/01\/Espoo-tarina-logo-220px-150x150.jpg 150w\" sizes=\"auto, (max-width: 220px) 100vw, 220px\" \/><p>Asukkaiden Espoo -ryhm\u00e4ss\u00e4 aktiivisesti toimivia espoolaisia kokoontui 16.1. suunnittelemaan t\u00e4m\u00e4n vuoden toimintaa. Ensin valtiovarainministeri\u00f6n neuvotteleva virkamies Markku M\u00f6ll\u00e4ri alusti kuntalakiin sis\u00e4ltyvist\u00e4 keinoista vahvistaa kuntalaisten osallistumis- ja vaikuttamismahdollisuuksia.  Kuntademokratia vahvistuu, kun kuntalaiset otetaan aidosti mukaan kunnan toimintaan. Keskustelussa todettiin, ett\u00e4 Espoo-tarinan lupaukset ovat monelta osin et\u00e4\u00e4ll\u00e4 asukkaiden kokemasta todellisesta osallisuudesta.<\/p>\n\n\n\n<p>Markku M\u00f6ll\u00e4rin esitys:&nbsp;<a rel=\"noreferrer noopener\" aria-label=\"Markku M\u00f6ll\u00e4rin esitys:&nbsp;Kuntalain demokratia (opens in a new tab)\" href=\"https:\/\/drive.google.com\/file\/d\/1RQ-SsvUjj9v74NYkky_3vPOInb4aWnvn\/view?usp=sharing\" target=\"_blank\"><strong>Kuntalain demokratia<\/strong><\/a><\/p>\n\n\n\n<p>Muiden kuntien osallisuusmalleista on tietoa taulukossa&nbsp;<a href=\"http:\/\/bit.ly\/2Ej8Bv8\"><strong>bit.ly\/osallisuusmalleja<\/strong><\/a>. Espoossa on kehitett\u00e4v\u00e4\u00e4 mm. alueellisen vaikuttamisen j\u00e4rjest\u00e4misess\u00e4 ja osallistuvan budjetoinnin k\u00e4yt\u00f6ss\u00e4. Monessa kaupungissa kaupungin johto j\u00e4rjest\u00e4\u00e4 s\u00e4\u00e4nn\u00f6llisesti asukastapaamisia, jaetaan alueellisia uutiskirjeit\u00e4 ja kuunnellaan kuntalaisia asukas- ja asiakasraadeissa.&nbsp;<\/p>\n\n\n\n<p>P\u00e4\u00e4timme j\u00e4rjest\u00e4\u00e4 keskiviikkona 20.2.2019 klo 14 alkaen ty\u00f6pajan, jossa ideoidaan ehdotuksia Espoon osallisuusmallin sis\u00e4ll\u00f6ksi. Ty\u00f6pajaan voivat osallistua kaikki kiinnostuneet. Kutsu tilaisuuteen julkaistaan helmikuun alussa.<\/p>\n","protected":false},"excerpt":{"rendered":"<p>Asukkaiden Espoo -ryhm\u00e4ss\u00e4 aktiivisesti toimivia espoolaisia kokoontui 16.1. suunnittelemaan t\u00e4m\u00e4n vuoden toimintaa. Ensin valtiovarainministeri\u00f6n neuvotteleva virkamies Markku M\u00f6ll\u00e4ri alusti kuntalakiin sis\u00e4ltyvist\u00e4 keinoista vahvistaa kuntalaisten osallistumis- ja vaikuttamismahdollisuuksia. Kuntademokratia vahvistuu, kun kuntalaiset otetaan aidosti mukaan kunnan toimintaan. Keskustelussa todettiin, ett\u00e4 <span class=\"excerpt-dots\">&hellip;<\/span> <a class=\"more-link\" href=\"https:\/\/solmu.eu\/asukkaidenespoo\/2019\/01\/asukkaiden-espoo-kokous-16-1-2019\/\"><span class=\"more-msg\">Jatka lukemista &rarr;<\/span><\/a><\/p>\n","protected":false},"author":3,"featured_media":0,"comment_status":"closed","ping_status":"closed","sticky":false,"template":"","format":"standard","meta":{"_uag_custom_page_level_css":"","_monsterinsights_skip_tracking":false,"_monsterinsights_sitenote_active":false,"_monsterinsights_sitenote_note":"","_monsterinsights_sitenote_category":0,"footnotes":""},"categories":[4,1],"tags":[],"class_list":["post-815","post","type-post","status-publish","format-standard","hentry","category-espoo","category-kaikki"],"featured_image_src":null,"author_info":{"display_name":"Asukkaiden Espoo","author_link":"https:\/\/solmu.eu\/asukkaidenespoo\/author\/asukkaiden-espoo\/"},"uagb_featured_image_src":{"full":false,"thumbnail":false,"medium":false,"medium_large":false,"large":false,"1536x1536":false,"2048x2048":false},"uagb_author_info":{"display_name":"Asukkaiden Espoo","author_link":"https:\/\/solmu.eu\/asukkaidenespoo\/author\/asukkaiden-espoo\/"},"uagb_comment_info":0,"uagb_excerpt":"Asukkaiden Espoo -ryhm\u00e4ss\u00e4 aktiivisesti toimivia espoolaisia kokoontui 16.1. suunnittelemaan t\u00e4m\u00e4n vuoden toimintaa. Ensin valtiovarainministeri\u00f6n neuvotteleva virkamies Markku M\u00f6ll\u00e4ri alusti kuntalakiin sis\u00e4ltyvist\u00e4 keinoista vahvistaa kuntalaisten osallistumis- ja vaikuttamismahdollisuuksia. Kuntademokratia vahvistuu, kun kuntalaiset otetaan aidosti mukaan kunnan toimintaan. Keskustelussa todettiin, ett\u00e4 &hellip; Jatka lukemista &rarr;","_links":{"self":[{"href":"https:\/\/solmu.eu\/asukkaidenespoo\/wp-json\/wp\/v2\/posts\/815","targetHints":{"allow":["GET"]}}],"collection":[{"href":"https:\/\/solmu.eu\/asukkaidenespoo\/wp-json\/wp\/v2\/posts"}],"about":[{"href":"https:\/\/solmu.eu\/asukkaidenespoo\/wp-json\/wp\/v2\/types\/post"}],"author":[{"embeddable":true,"href":"https:\/\/solmu.eu\/asukkaidenespoo\/wp-json\/wp\/v2\/users\/3"}],"replies":[{"embeddable":true,"href":"https:\/\/solmu.eu\/asukkaidenespoo\/wp-json\/wp\/v2\/comments?post=815"}],"version-history":[{"count":6,"href":"https:\/\/solmu.eu\/asukkaidenespoo\/wp-json\/wp\/v2\/posts\/815\/revisions"}],"predecessor-version":[{"id":822,"href":"https:\/\/solmu.eu\/asukkaidenespoo\/wp-json\/wp\/v2\/posts\/815\/revisions\/822"}],"wp:attachment":[{"href":"https:\/\/solmu.eu\/asukkaidenespoo\/wp-json\/wp\/v2\/media?parent=815"}],"wp:term":[{"taxonomy":"category","embeddable":true,"href":"https:\/\/solmu.eu\/asukkaidenespoo\/wp-json\/wp\/v2\/categories?post=815"},{"taxonomy":"post_tag","embeddable":true,"href":"https:\/\/solmu.eu\/asukkaidenespoo\/wp-json\/wp\/v2\/tags?post=815"}],"curies":[{"name":"wp","href":"https:\/\/api.w.org\/{rel}","templated":true}]}}